{"id":1919,"date":"2022-03-21T00:51:43","date_gmt":"2022-03-20T23:51:43","guid":{"rendered":"https:\/\/www.vfb-effringen.de\/?p=1919"},"modified":"2022-03-21T00:53:35","modified_gmt":"2022-03-20T23:53:35","slug":"ordentliche-mitgliederversammlung-2021","status":"publish","type":"post","link":"https:\/\/www.vfb-effringen.de\/?p=1919","title":{"rendered":"Ordentliche Mitgliederversammlung 2021"},"content":{"rendered":"\n<p>Der VfB Effringen 1921 e.V. l\u00e4dt seine Ehrenmitglieder, alle aktiven und passiven Mitglieder sowie Freunde und G\u00f6nner des Vereins zur ordentlichen Mitgliederversammlung 2021 <strong>am Samstag, den 23.04.2022<\/strong> um <strong>19:00 Uhr<\/strong>, ins <strong>Sportheim<\/strong> ein.<\/p>\n\n\n\n<p><strong>Tagesordnung:<\/strong><\/p>\n\n\n\n<ol class=\"wp-block-list\" type=\"1\"><li>Er\u00f6ffnung und Begr\u00fc\u00dfung durch den 1. Vorsitzenden<\/li><li>Berichte<ul><li>1. Vorsitzender<\/li><li>Abteilung Jugend<\/li><li>Abteilung Fu\u00dfball<\/li><li>Protokollf\u00fchrer<\/li><li>Kassier<\/li><li>Kassenpr\u00fcfer<\/li><\/ul><\/li><li>Entlastungen<\/li><li>Ehrungen<\/li><li>Wahlen<\/li><li>Beschlussfassung \u00fcber Antr\u00e4ge<\/li><li>Verschiedenes und Bekanntmachungen<\/li><\/ol>\n\n\n\n<p>Antr\u00e4ge zur Versammlung m\u00fcssen bis <strong>sp\u00e4testens eine Woche<\/strong> vor der ordentlichen Mitgliederversammlung beim <strong>1. Vorsitzenden Heiko Bihler<\/strong> schriftlich eingereicht werden.<\/p>\n\n\n\n<p>Die Vorstandschaft<\/p>\n\n\n\n<p><\/p>\n","protected":false},"excerpt":{"rendered":"<div class=\"mh-excerpt\"><p>Der VfB Effringen 1921 e.V. l\u00e4dt seine Ehrenmitglieder, alle aktiven und passiven Mitglieder sowie Freunde und G\u00f6nner des Vereins zur ordentlichen Mitgliederversammlung 2021 am Samstag, den 23.04.2022 um 19:00 Uhr, ins Sportheim ein. Tagesordnung: Er\u00f6ffnung <a class=\"mh-excerpt-more\" href=\"https:\/\/www.vfb-effringen.de\/?p=1919\" title=\"Ordentliche Mitgliederversammlung 2021\">[&#8230;]<\/a><\/p>\n<\/div>","protected":false},"author":3,"featured_media":1897,"comment_status":"closed","ping_status":"closed","sticky":false,"template":"","format":"standard","meta":{"footnotes":""},"categories":[15,1],"tags":[],"class_list":["post-1919","post","type-post","status-publish","format-standard","has-post-thumbnail","hentry","category-news","category-uncategorized"],"_links":{"self":[{"href":"https:\/\/www.vfb-effringen.de\/index.php?rest_route=\/wp\/v2\/posts\/1919","targetHints":{"allow":["GET"]}}],"collection":[{"href":"https:\/\/www.vfb-effringen.de\/index.php?rest_route=\/wp\/v2\/posts"}],"about":[{"href":"https:\/\/www.vfb-effringen.de\/index.php?rest_route=\/wp\/v2\/types\/post"}],"author":[{"embeddable":true,"href":"https:\/\/www.vfb-effringen.de\/index.php?rest_route=\/wp\/v2\/users\/3"}],"replies":[{"embeddable":true,"href":"https:\/\/www.vfb-effringen.de\/index.php?rest_route=%2Fwp%2Fv2%2Fcomments&post=1919"}],"version-history":[{"count":1,"href":"https:\/\/www.vfb-effringen.de\/index.php?rest_route=\/wp\/v2\/posts\/1919\/revisions"}],"predecessor-version":[{"id":1920,"href":"https:\/\/www.vfb-effringen.de\/index.php?rest_route=\/wp\/v2\/posts\/1919\/revisions\/1920"}],"wp:featuredmedia":[{"embeddable":true,"href":"https:\/\/www.vfb-effringen.de\/index.php?rest_route=\/wp\/v2\/media\/1897"}],"wp:attachment":[{"href":"https:\/\/www.vfb-effringen.de\/index.php?rest_route=%2Fwp%2Fv2%2Fmedia&parent=1919"}],"wp:term":[{"taxonomy":"category","embeddable":true,"href":"https:\/\/www.vfb-effringen.de\/index.php?rest_route=%2Fwp%2Fv2%2Fcategories&post=1919"},{"taxonomy":"post_tag","embeddable":true,"href":"https:\/\/www.vfb-effringen.de\/index.php?rest_route=%2Fwp%2Fv2%2Ftags&post=1919"}],"curies":[{"name":"wp","href":"https:\/\/api.w.org\/{rel}","templated":true}]}}